[{"@context":"https:\/\/schema.org\/","@type":"Article","@id":"https:\/\/www.1hds.cz\/stylovy-a-prakticky-doplnek\/#Article","mainEntityOfPage":"https:\/\/www.1hds.cz\/stylovy-a-prakticky-doplnek\/","headline":"Stylov\u00fd a praktick\u00fd dopln\u011bk","name":"Stylov\u00fd a praktick\u00fd dopln\u011bk","description":"Klobouky, \u010depice, k\u0161iltovky zkr\u00e1tka v\u0161echny pokr\u00fdvky hlavy dok\u00e1\u017eou zcela zm\u011bnit ka\u017ed\u00fd outfit a dodat ka\u017ed\u00e9mu oble\u010den\u00ed ten spr\u00e1vn\u00fd \u0161mrnc a styl. Jen je \u0161koda, \u017ee se u n\u00e1s moc nenos\u00ed. V\u011bt\u0161inou se toho boj\u00edme nebo je jen neum\u00edme spr\u00e1vn\u011b zkombinovat. Ale klobouky a \u010depice nepat\u0159\u00ed jen v\u00a0l\u00e9t\u011b k\u00a0vod\u011b a v\u00a0zim\u011b jako ochrana p\u0159ed mrazem. Slou\u017e\u00ed &hellip;","datePublished":"2025-03-03","dateModified":"2023-04-29","author":{"@type":"Person","@id":"https:\/\/www.1hds.cz\/author\/#Person","name":"1hds.cz\n","url":"https:\/\/www.1hds.cz\/author\/","identifier":1,"image":{"@type":"ImageObject","@id":"https:\/\/secure.gravatar.com\/avatar\/4006af731f458a56e90e1a4ecbb37f08f11b51b80cb9267b6a6e5547922ff49d?s=96&d=mm&r=g","url":"https:\/\/secure.gravatar.com\/avatar\/4006af731f458a56e90e1a4ecbb37f08f11b51b80cb9267b6a6e5547922ff49d?s=96&d=mm&r=g","height":96,"width":96}},"publisher":{"@type":"Organization","name":"1hds.cz","logo":{"@type":"ImageObject","@id":"\/logo.png","url":"\/logo.png","width":600,"height":60}},"image":{"@type":"ImageObject","@id":"https:\/\/www.1hds.cz\/wp-content\/uploads\/img_a342236_w2267_t1555143046.jpg","url":"https:\/\/www.1hds.cz\/wp-content\/uploads\/img_a342236_w2267_t1555143046.jpg","height":0,"width":0},"url":"https:\/\/www.1hds.cz\/stylovy-a-prakticky-doplnek\/","about":["M\u00f3da"],"wordCount":497,"articleBody":"Klobouky, \u010depice, k\u0161iltovky zkr\u00e1tka v\u0161echny pokr\u00fdvky hlavy dok\u00e1\u017eou zcela zm\u011bnit ka\u017ed\u00fd outfit a dodat ka\u017ed\u00e9mu oble\u010den\u00ed ten spr\u00e1vn\u00fd \u0161mrnc a styl. Jen je \u0161koda, \u017ee se u n\u00e1s moc nenos\u00ed. V\u011bt\u0161inou se toho boj\u00edme nebo je jen neum\u00edme spr\u00e1vn\u011b zkombinovat. Ale klobouky a \u010depice nepat\u0159\u00ed jen v\u00a0l\u00e9t\u011b k\u00a0vod\u011b a v\u00a0zim\u011b jako ochrana p\u0159ed mrazem. Slou\u017e\u00ed i jako velmi stylov\u00fd a slu\u0161iv\u00fd dopln\u011bk, kter\u00fd dok\u00e1\u017ee b\u011bhem chv\u00edle prom\u011bnit ka\u017ed\u00fd outfit a dot\u00e1hnout ho na \u00fapln\u011b jinou a vy\u0161\u0161\u00ed \u00farove\u0148. Jen se mus\u00edme nau\u010dit je spr\u00e1vn\u011b nosit a neb\u00e1t se toho. Nav\u00edc no\u0161en\u00ed pokr\u00fdvky hlavy m\u00e1 i sv\u00e9 praktick\u00e9 v\u00fdhody. V\u00a0l\u00e9t\u011b n\u00e1s ochr\u00e1n\u00ed p\u0159ed slun\u00ed\u010dkem a v\u011btrem, v\u00a0de\u0161ti n\u00e1m nezmokne hlava a v\u00a0zim\u011b se ochr\u00e1n\u00edme p\u0159ed mrazem. Tak na to myslete a n\u011bjak\u00fd ten klobou\u010dek si tak\u00e9 po\u0159i\u010fte.\tJak pokr\u00fdvky hlavy spr\u00e1vn\u011b nosit\tAby byl efekt co nejlep\u0161\u00ed a opravdu v\u00e1m to jen pomohlo, mus\u00ed se to um\u011bt. Spr\u00e1vn\u011b kombinovat barvy i dopl\u0148ky a hlavn\u011b nezapomenout, kam chceme klobouk vyn\u00e9st. Do spole\u010dnosti, na n\u00e1kupy nebo na dovolenou, tady v\u0161ude u\u017eijete \u00fapln\u011b jin\u00fd druh pokr\u00fdvky hlavy. A na to nesm\u00edte zapom\u00ednat. Pak u\u017e je to jen na v\u00e1s. Klobouky slu\u0161\u00ed v\u0161em tvar\u016fm obli\u010deje a nosit ho tak m\u016f\u017ee opravdu ka\u017ed\u00fd.\t\tPokud nejste zvykl\u00ed na velkou pozornost a rad\u011bji nejste st\u0159edem pozornosti, nevad\u00ed. Pokr\u00fdvka hlavy m\u016f\u017ee b\u00fdt i decentn\u00ed a p\u0159esto efektivn\u00ed. Nemus\u00edte hned volit velk\u00fd a nep\u0159ehl\u00e9dnuteln\u00fd kousek, vyberte si men\u0161\u00ed ale spr\u00e1vn\u011b tvarovan\u00fd a t\u0159eba i barevn\u00fd. V\u017edy se soust\u0159e\u010fte na to, jak\u00e9 jin\u00e9 dopl\u0148ky nos\u00edte a tomu se p\u0159izp\u016fsobte. A tak\u00e9 pamatujte, \u017ee klobouku slu\u0161\u00ed i slune\u010dn\u00ed br\u00fdle. Pak budete vypadat, jako kr\u00e1ska z\u00a0titulk\u016f m\u00f3dn\u00edho \u010dasopisu.\t\tKdy\u017e se \u0159ekne klobouk v\u011bt\u0161ina si vybav\u00ed elegantn\u00ed outfit. Ale nen\u00ed tomu tak. Klobouk nemus\u00ed b\u00fdt jen elegantn\u00ed. Nosit se d\u00e1 i k\u00a0d\u017e\u00edn\u016fm a tenisk\u00e1m. Zvolte tmavou barvu a men\u0161\u00ed vy\u0161\u0161\u00ed typ klobouku. Br\u00fdle pilotky a budete vypadat le\u017e\u00e9rn\u011b a presto naprosto neodolateln\u011b. Krom\u011b klobouk\u016f ale vypadaj\u00ed i na \u017een\u00e1ch moc hezky k\u0161iltovky nebo \u0161\u00e1tky, a pokud jste sportovn\u00ed typ, nem\u011bla by v\u00e1m alespo\u0148 jedna v\u00a0\u0161atn\u00edku rozhodn\u011b chyb\u011bt. A\u017e si zvyknete pokr\u00fdvky hlavy nosit, u\u017e je jen t\u011b\u017eko budete cht\u00edt sundat. Pod \u010depic\u00ed toti\u017e skryjete i drobn\u00e9 nedostatky. Tak\u017ee kdy\u017e si nestihnete um\u00fdt vlasy nebo se u\u010desat, nen\u00ed probl\u00e9m. V\u0161e bude skryto a nikdo nic nepozn\u00e1.                                                                                                                                                                                                                                                                                                                                                                                        4.6\/5 - (8 votes)        "},{"@context":"https:\/\/schema.org\/","@type":"BreadcrumbList","itemListElement":[{"@type":"ListItem","position":1,"name":"Stylov\u00fd a praktick\u00fd dopln\u011bk","item":"https:\/\/www.1hds.cz\/stylovy-a-prakticky-doplnek\/#breadcrumbitem"}]}]