[{"@context":"https:\/\/schema.org\/","@type":"Article","@id":"https:\/\/www.1hds.cz\/trendy-cervena-a-zluta\/#Article","mainEntityOfPage":"https:\/\/www.1hds.cz\/trendy-cervena-a-zluta\/","headline":"Trendy \u010derven\u00e1 a \u017elut\u00e1","name":"Trendy \u010derven\u00e1 a \u017elut\u00e1","description":"Letos na podzim na ulic\u00edch budeme nej\u010dast\u011bji v\u00eddat barvy \u010dervenou a \u017elutou, proto\u017ee tyto vesel\u00e9 barvy nyn\u00ed ovl\u00e1dly m\u00f3dn\u00ed sv\u011bt. A nemylme se, rozhodn\u011b se nechystaj\u00ed jen tak odej\u00edt.\u00a0 \u010cerven\u00e1 se na lep\u0161\u00ed \u010dasy O \u010derven\u00e9 barv\u011b je v m\u00f3dn\u00edm sv\u011bt\u011b zn\u00e1mo, \u017ee je v\u00fdrazn\u00e1, dominantn\u00ed a z\u00e1\u0159iv\u00e1. Je ide\u00e1ln\u00ed barvou v od\u00edv\u00e1n\u00ed, nebo\u0165 dok\u00e1\u017ee &hellip;","datePublished":"2025-03-01","dateModified":"2023-04-29","author":{"@type":"Person","@id":"https:\/\/www.1hds.cz\/author\/#Person","name":"1hds.cz\n","url":"https:\/\/www.1hds.cz\/author\/","identifier":1,"image":{"@type":"ImageObject","@id":"https:\/\/secure.gravatar.com\/avatar\/4006af731f458a56e90e1a4ecbb37f08f11b51b80cb9267b6a6e5547922ff49d?s=96&d=mm&r=g","url":"https:\/\/secure.gravatar.com\/avatar\/4006af731f458a56e90e1a4ecbb37f08f11b51b80cb9267b6a6e5547922ff49d?s=96&d=mm&r=g","height":96,"width":96}},"publisher":{"@type":"Organization","name":"1hds.cz","logo":{"@type":"ImageObject","@id":"\/logo.png","url":"\/logo.png","width":600,"height":60}},"image":{"@type":"ImageObject","@id":"https:\/\/www.1hds.cz\/wp-content\/uploads\/img_a304296_w2267_t1515399831.jpg","url":"https:\/\/www.1hds.cz\/wp-content\/uploads\/img_a304296_w2267_t1515399831.jpg","height":0,"width":0},"url":"https:\/\/www.1hds.cz\/trendy-cervena-a-zluta\/","about":["M\u00f3da"],"wordCount":394,"articleBody":"Letos na podzim na ulic\u00edch budeme nej\u010dast\u011bji v\u00eddat barvy \u010dervenou a \u017elutou, proto\u017ee tyto vesel\u00e9 barvy nyn\u00ed ovl\u00e1dly m\u00f3dn\u00ed sv\u011bt. A nemylme se, rozhodn\u011b se nechystaj\u00ed jen tak odej\u00edt.\u00a0\u010cerven\u00e1 se na lep\u0161\u00ed \u010dasyO \u010derven\u00e9 barv\u011b je v m\u00f3dn\u00edm sv\u011bt\u011b zn\u00e1mo, \u017ee je v\u00fdrazn\u00e1, dominantn\u00ed a z\u00e1\u0159iv\u00e1. Je ide\u00e1ln\u00ed barvou v od\u00edv\u00e1n\u00ed, nebo\u0165 dok\u00e1\u017ee o\u017eivit ka\u017ed\u00fd outfit. A proto\u017ee v\u0161ichni m\u00f3dn\u00ed znalci to v\u011bd\u00ed, nehodlaj\u00ed se j\u00ed jen tak vzd\u00e1t. \u010cerven\u00e1 barva v\u017edy st\u00e1le dob\u0159e vypad\u00e1. Proto letos na podzim doporu\u010dujeme zkusit v\u0161echny kousky a m\u00f3dn\u00ed dopl\u0148ky, kter\u00e9 si v\u011bt\u0161inou po\u0159izujeme v klasick\u00e9 \u010dern\u00e9, po\u0159\u00eddit pr\u00e1v\u011b v tomto v\u00fdrazn\u00e9m \u010derven\u00e9m odst\u00ednu. Tyto v\u00fdrazn\u00e9 kousky je potom mo\u017en\u00e9 nosit bu\u010fto samostatn\u011b, anebo klidn\u011b v\u0161echny najednou. V cele \u010derven\u00e9m outfitu budete rozhodn\u011b nep\u0159ehl\u00e9dnuteln\u00e1, nebo\u0165 je osv\u011bd\u010denou a prov\u011b\u0159enou kombinac\u00ed, kterou si zamilujete.Jako \u010derven\u00fd dopln\u011bk se v\u00fdborn\u011b hod\u00ed nap\u0159\u00edklad:\u00b7\u00a0\u00a0\u00a0\u00a0\u00a0\u00a0\u00a0\u00a0 kabelka\u00b7\u00a0\u00a0\u00a0\u00a0\u00a0\u00a0\u00a0\u00a0 boty\u00b7\u00a0\u00a0\u00a0\u00a0\u00a0\u00a0\u00a0\u00a0 kalhoty\u00b7\u00a0\u00a0\u00a0\u00a0\u00a0\u00a0\u00a0\u00a0 bundi\u010dka k\u0159iv\u00e1kJako \u017elu\u0165\u00e1sekBarva \u017elut\u00e1 je podobn\u011b jako \u010derven\u00e1 velice v\u00fdrazn\u00e1 a m\u00e1lokdo si na takov\u00fd sv\u00edtiv\u00fd outfit troufne Krom\u011b toho si o \u017elut\u00e9 barv\u011b spoustu lid\u00ed mysl\u00ed, \u017ee jim tato barva v\u016fbec neslu\u0161\u00ed. P\u0159i tom pouze sta\u010d\u00ed, kdy\u017e si zvol\u00edme ten spr\u00e1vn\u00fd odst\u00edn \u017elut\u00e9 a m\u00e1me vyhr\u00e1no. Anebo jd\u011bte rovnou do cele \u017elut\u00fdch kombinac\u00ed outfitu. Proto\u017ee b\u00fdt \u017elut\u00e1 od hlavy a\u017e k pat\u011b je prost\u011b ide\u00e1ln\u00ed, a to nejenom na letn\u00ed m\u011bs\u00edce. S\u00e1hnout m\u016f\u017eete nap\u0159\u00edklad:\u00b7\u00a0\u00a0\u00a0\u00a0\u00a0\u00a0\u00a0\u00a0 Po \u017elut\u00e9 bundi\u010dce, kter\u00e1 perfektn\u011b o\u017eiv\u00ed i takov\u00fd b\u011b\u017en\u00fd outfit, jako jsou d\u017e\u00edny, b\u00edl\u00e9 tri\u010dko a \u010dern\u00e1 kabelka.\u00b7\u00a0\u00a0\u00a0\u00a0\u00a0\u00a0\u00a0\u00a0 Po \u017elut\u00fdch bot\u00e1ch, kter\u00e9 vypadaj\u00ed dokonale p\u0159ev\u00e1\u017en\u011b s jednoduch\u00fdmi outfity.\tBarevn\u011b do zam\u011bstn\u00e1n\u00edNos\u00edte-li do zam\u011bstn\u00e1n\u00ed st\u00e1le kost\u00fdm, coby pracovn\u00ed uniformu, zkuste si pro jednou po\u0159\u00eddit barevn\u00fd kost\u00fdmek. Takov\u00fdto vesel\u00fd kost\u00fdmek je vhodn\u00fd jak do kancel\u00e1\u0159e, tak i na party. Ide\u00e1ln\u00ed je potom zvolit takov\u00fd odst\u00edn, kter\u00fd v\u00e1m nejv\u00edce slu\u0161\u00ed.                                                                                                                                                                                                                                                                                                                                                                                        4.3\/5 - (7 votes)        "},{"@context":"https:\/\/schema.org\/","@type":"BreadcrumbList","itemListElement":[{"@type":"ListItem","position":1,"name":"Trendy \u010derven\u00e1 a \u017elut\u00e1","item":"https:\/\/www.1hds.cz\/trendy-cervena-a-zluta\/#breadcrumbitem"}]}]